{"id":3171,"date":"2023-01-31T12:43:00","date_gmt":"2023-01-31T12:43:00","guid":{"rendered":"http:\/\/promasidor.com\/?p=2533"},"modified":"2024-10-21T12:13:12","modified_gmt":"2024-10-21T12:13:12","slug":"youth-caravan-with-cowbell-flavours-in-burkina-faso","status":"publish","type":"post","link":"https:\/\/promasidor.com\/fr\/blog\/youth-caravan-with-cowbell-flavours-in-burkina-faso\/","title":{"rendered":"La caravane de la jeunesse aux saveurs de la cloche \u00e0 vache au Burkina Faso"},"content":{"rendered":"<figure class=\"wp-block-image\"><img decoding=\"async\" src=\"http:\/\/promasidor.com\/wp-content\/uploads\/2023\/10\/Cowbell_Caravan.jpeg\" alt=\"\" class=\"wp-image-2524\" \/><\/figure>\n\n\n\n<p class=\"wp-block-paragraph\">Sous le th\u00e8me \"la contribution de la jeunesse \u00e0 la restauration de la paix et de la coh\u00e9sion sociale au Burkina Faso\", la caravane de la jeunesse a accueilli sa deuxi\u00e8me \u00e9dition le samedi 27 janvier 2023 au palais des sports de Ouaga 2000.<\/p>\n\n\n\n<p class=\"wp-block-paragraph\">Les jeunes motiv\u00e9s et engag\u00e9s sont aujourd'hui les d\u00e9fenseurs des valeurs sociales, telles que la paix et la coh\u00e9sion, qui \u00e9taient autrefois la marque de la souverainet\u00e9 de notre ch\u00e8re patrie.<\/p>\n\n\n\n<p class=\"wp-block-paragraph\">Suite \u00e0 la crise et \u00e0 la situation s\u00e9curitaire actuelle au Burkina Faso, ces jeunes ont jug\u00e9 bon de pr\u00f4ner la paix par le biais du sport.<\/p>\n\n\n\n<p class=\"wp-block-paragraph\">Cowbell s'est associ\u00e9 aux organisateurs et a distribu\u00e9 plus de 1 000 gobelets de saveurs Cowbell. Pour beaucoup, c'\u00e9tait la premi\u00e8re fois qu'ils go\u00fbtaient ces d\u00e9licieuses variantes et ils ont ador\u00e9.<\/p>","protected":false},"excerpt":{"rendered":"<p>Under the theme \u201cthe contribution of youth in the restoration of peace and social cohesion in Burkina Faso\u201d, the Youth caravan hosted its second edition on Saturday 27 January, 2023 at the sports palace of Ouaga 2000. The motivated and committed youth are today\u2019s advocates of social values, such as peace and cohesion, which was [&hellip;]<\/p>\n","protected":false},"author":4,"featured_media":3234,"comment_status":"closed","ping_status":"open","sticky":false,"template":"","format":"standard","meta":{"footnotes":""},"categories":[17],"tags":[],"class_list":["post-3171","post","type-post","status-publish","format-standard","has-post-thumbnail","hentry","category-all-news"],"yoast_head":"<!-- This site is optimized with the Yoast SEO plugin v28.3 - https:\/\/yoast.com\/product\/yoast-seo-wordpress\/ -->\n<title>Youth caravan with Cowbell flavours in Burkina Faso - Promasidor<\/title>\n<meta name=\"description\" content=\"Under the theme \u201cthe contribution of youth in the restoration of peace and social cohesion in Burkina Faso\u201d, the Youth caravan hosted its second edition on Saturday 27 January, 2023 at the sports palace of Ouaga 2000.\" \/>\n<meta name=\"robots\" content=\"index, follow, max-snippet:-1, max-image-preview:large, max-video-preview:-1\" \/>\n<link rel=\"canonical\" href=\"https:\/\/promasidor.com\/fr\/blog\/youth-caravan-with-cowbell-flavours-in-burkina-faso\/\" \/>\n<meta property=\"og:locale\" content=\"fr_FR\" \/>\n<meta property=\"og:type\" content=\"article\" \/>\n<meta property=\"og:title\" content=\"Youth caravan with Cowbell flavours in Burkina Faso - Promasidor\" \/>\n<meta property=\"og:description\" content=\"Under the theme \u201cthe contribution of youth in the restoration of peace and social cohesion in Burkina Faso\u201d, the Youth caravan hosted its second edition on Saturday 27 January, 2023 at the sports palace of Ouaga 2000.\" \/>\n<meta property=\"og:url\" content=\"https:\/\/promasidor.com\/fr\/blog\/youth-caravan-with-cowbell-flavours-in-burkina-faso\/\" \/>\n<meta property=\"og:site_name\" content=\"Promasidor\" \/>\n<meta property=\"article:published_time\" content=\"2023-01-31T12:43:00+00:00\" \/>\n<meta property=\"article:modified_time\" content=\"2024-10-21T12:13:12+00:00\" \/>\n<meta property=\"og:image\" content=\"https:\/\/promasidor.com\/wp-content\/uploads\/2023\/10\/Cowbell_Caravan.jpeg\" \/>\n\t<meta property=\"og:image:width\" content=\"500\" \/>\n\t<meta property=\"og:image:height\" content=\"333\" \/>\n\t<meta property=\"og:image:type\" content=\"image\/jpeg\" \/>\n<meta name=\"author\" content=\"Mike\" \/>\n<meta name=\"twitter:card\" content=\"summary_large_image\" \/>\n<meta name=\"twitter:label1\" content=\"\u00c9crit par\" \/>\n\t<meta name=\"twitter:data1\" content=\"Mike\" \/>\n\t<meta name=\"twitter:label2\" content=\"Dur\u00e9e de lecture estim\u00e9e\" \/>\n\t<meta name=\"twitter:data2\" content=\"1 minute\" \/>\n<script type=\"application\/ld+json\" class=\"yoast-schema-graph\">{\"@context\":\"https:\\\/\\\/schema.org\",\"@graph\":[{\"@type\":\"Article\",\"@id\":\"https:\\\/\\\/promasidor.com\\\/en\\\/blog\\\/youth-caravan-with-cowbell-flavours-in-burkina-faso\\\/#article\",\"isPartOf\":{\"@id\":\"https:\\\/\\\/promasidor.com\\\/en\\\/blog\\\/youth-caravan-with-cowbell-flavours-in-burkina-faso\\\/\"},\"author\":{\"name\":\"Mike\",\"@id\":\"\\\/#\\\/schema\\\/person\\\/889e9dbeb8ebe966203bfbc785d25877\"},\"headline\":\"Youth caravan with Cowbell flavours in Burkina Faso\",\"datePublished\":\"2023-01-31T12:43:00+00:00\",\"dateModified\":\"2024-10-21T12:13:12+00:00\",\"mainEntityOfPage\":{\"@id\":\"https:\\\/\\\/promasidor.com\\\/en\\\/blog\\\/youth-caravan-with-cowbell-flavours-in-burkina-faso\\\/\"},\"wordCount\":121,\"publisher\":{\"@id\":\"\\\/#organization\"},\"image\":{\"@id\":\"https:\\\/\\\/promasidor.com\\\/en\\\/blog\\\/youth-caravan-with-cowbell-flavours-in-burkina-faso\\\/#primaryimage\"},\"thumbnailUrl\":\"https:\\\/\\\/promasidor.com\\\/wp-content\\\/uploads\\\/2023\\\/10\\\/Cowbell_Caravan.jpeg\",\"articleSection\":[\"ALL NEWS\"],\"inLanguage\":\"fr-FR\"},{\"@type\":\"WebPage\",\"@id\":\"https:\\\/\\\/promasidor.com\\\/en\\\/blog\\\/youth-caravan-with-cowbell-flavours-in-burkina-faso\\\/\",\"url\":\"https:\\\/\\\/promasidor.com\\\/en\\\/blog\\\/youth-caravan-with-cowbell-flavours-in-burkina-faso\\\/\",\"name\":\"Youth caravan with Cowbell flavours in Burkina Faso - Promasidor\",\"isPartOf\":{\"@id\":\"\\\/#website\"},\"primaryImageOfPage\":{\"@id\":\"https:\\\/\\\/promasidor.com\\\/en\\\/blog\\\/youth-caravan-with-cowbell-flavours-in-burkina-faso\\\/#primaryimage\"},\"image\":{\"@id\":\"https:\\\/\\\/promasidor.com\\\/en\\\/blog\\\/youth-caravan-with-cowbell-flavours-in-burkina-faso\\\/#primaryimage\"},\"thumbnailUrl\":\"https:\\\/\\\/promasidor.com\\\/wp-content\\\/uploads\\\/2023\\\/10\\\/Cowbell_Caravan.jpeg\",\"datePublished\":\"2023-01-31T12:43:00+00:00\",\"dateModified\":\"2024-10-21T12:13:12+00:00\",\"description\":\"Under the theme \u201cthe contribution of youth in the restoration of peace and social cohesion in Burkina Faso\u201d, the Youth caravan hosted its second edition on Saturday 27 January, 2023 at the sports palace of Ouaga 2000.\",\"breadcrumb\":{\"@id\":\"https:\\\/\\\/promasidor.com\\\/en\\\/blog\\\/youth-caravan-with-cowbell-flavours-in-burkina-faso\\\/#breadcrumb\"},\"inLanguage\":\"fr-FR\",\"potentialAction\":[{\"@type\":\"ReadAction\",\"target\":[\"https:\\\/\\\/promasidor.com\\\/en\\\/blog\\\/youth-caravan-with-cowbell-flavours-in-burkina-faso\\\/\"]}]},{\"@type\":\"ImageObject\",\"inLanguage\":\"fr-FR\",\"@id\":\"https:\\\/\\\/promasidor.com\\\/en\\\/blog\\\/youth-caravan-with-cowbell-flavours-in-burkina-faso\\\/#primaryimage\",\"url\":\"https:\\\/\\\/promasidor.com\\\/wp-content\\\/uploads\\\/2023\\\/10\\\/Cowbell_Caravan.jpeg\",\"contentUrl\":\"https:\\\/\\\/promasidor.com\\\/wp-content\\\/uploads\\\/2023\\\/10\\\/Cowbell_Caravan.jpeg\",\"width\":500,\"height\":333},{\"@type\":\"BreadcrumbList\",\"@id\":\"https:\\\/\\\/promasidor.com\\\/en\\\/blog\\\/youth-caravan-with-cowbell-flavours-in-burkina-faso\\\/#breadcrumb\",\"itemListElement\":[{\"@type\":\"ListItem\",\"position\":1,\"name\":\"Home\",\"item\":\"https:\\\/\\\/promasidor.com\\\/en\\\/\"},{\"@type\":\"ListItem\",\"position\":2,\"name\":\"Youth caravan with Cowbell flavours in Burkina Faso\"}]},{\"@type\":\"WebSite\",\"@id\":\"\\\/#website\",\"url\":\"\\\/\",\"name\":\"Promasidor\",\"description\":\"Quality Food Products\",\"publisher\":{\"@id\":\"\\\/#organization\"},\"potentialAction\":[{\"@type\":\"SearchAction\",\"target\":{\"@type\":\"EntryPoint\",\"urlTemplate\":\"\\\/?s={search_term_string}\"},\"query-input\":{\"@type\":\"PropertyValueSpecification\",\"valueRequired\":true,\"valueName\":\"search_term_string\"}}],\"inLanguage\":\"fr-FR\"},{\"@type\":\"Organization\",\"@id\":\"\\\/#organization\",\"name\":\"Promasidor\",\"url\":\"\\\/\",\"logo\":{\"@type\":\"ImageObject\",\"inLanguage\":\"fr-FR\",\"@id\":\"\\\/#\\\/schema\\\/logo\\\/image\\\/\",\"url\":\"https:\\\/\\\/promasidor.com\\\/wp-content\\\/uploads\\\/2024\\\/06\\\/logo-e1718004825105.png\",\"contentUrl\":\"https:\\\/\\\/promasidor.com\\\/wp-content\\\/uploads\\\/2024\\\/06\\\/logo-e1718004825105.png\",\"width\":1313,\"height\":778,\"caption\":\"Promasidor\"},\"image\":{\"@id\":\"\\\/#\\\/schema\\\/logo\\\/image\\\/\"}},{\"@type\":\"Person\",\"@id\":\"\\\/#\\\/schema\\\/person\\\/889e9dbeb8ebe966203bfbc785d25877\",\"name\":\"Mike\",\"image\":{\"@type\":\"ImageObject\",\"inLanguage\":\"fr-FR\",\"@id\":\"https:\\\/\\\/secure.gravatar.com\\\/avatar\\\/df3140ba3aceebd253774f0da53b3e4e41cee1f95a32092000933ef847edb04a?s=96&d=mm&r=g\",\"url\":\"https:\\\/\\\/secure.gravatar.com\\\/avatar\\\/df3140ba3aceebd253774f0da53b3e4e41cee1f95a32092000933ef847edb04a?s=96&d=mm&r=g\",\"contentUrl\":\"https:\\\/\\\/secure.gravatar.com\\\/avatar\\\/df3140ba3aceebd253774f0da53b3e4e41cee1f95a32092000933ef847edb04a?s=96&d=mm&r=g\",\"caption\":\"Mike\"},\"url\":\"https:\\\/\\\/promasidor.com\\\/fr\\\/blog\\\/author\\\/mike\\\/\"}]}<\/script>\n<!-- \/ Yoast SEO plugin. -->","yoast_head_json":{"title":"Youth caravan with Cowbell flavours in Burkina Faso - Promasidor","description":"Sous le th\u00e8me \"la contribution de la jeunesse \u00e0 la restauration de la paix et de la coh\u00e9sion sociale au Burkina Faso\", la caravane de la jeunesse a accueilli sa deuxi\u00e8me \u00e9dition le samedi 27 janvier 2023 au palais des sports de Ouaga 2000.","robots":{"index":"index","follow":"follow","max-snippet":"max-snippet:-1","max-image-preview":"max-image-preview:large","max-video-preview":"max-video-preview:-1"},"canonical":"https:\/\/promasidor.com\/fr\/blog\/youth-caravan-with-cowbell-flavours-in-burkina-faso\/","og_locale":"fr_FR","og_type":"article","og_title":"Youth caravan with Cowbell flavours in Burkina Faso - Promasidor","og_description":"Under the theme \u201cthe contribution of youth in the restoration of peace and social cohesion in Burkina Faso\u201d, the Youth caravan hosted its second edition on Saturday 27 January, 2023 at the sports palace of Ouaga 2000.","og_url":"https:\/\/promasidor.com\/fr\/blog\/youth-caravan-with-cowbell-flavours-in-burkina-faso\/","og_site_name":"Promasidor","article_published_time":"2023-01-31T12:43:00+00:00","article_modified_time":"2024-10-21T12:13:12+00:00","og_image":[{"width":500,"height":333,"url":"https:\/\/promasidor.com\/wp-content\/uploads\/2023\/10\/Cowbell_Caravan.jpeg","type":"image\/jpeg"}],"author":"Mike","twitter_card":"summary_large_image","twitter_misc":{"\u00c9crit par":"Mike","Dur\u00e9e de lecture estim\u00e9e":"1 minute"},"schema":{"@context":"https:\/\/schema.org","@graph":[{"@type":"Article","@id":"https:\/\/promasidor.com\/en\/blog\/youth-caravan-with-cowbell-flavours-in-burkina-faso\/#article","isPartOf":{"@id":"https:\/\/promasidor.com\/en\/blog\/youth-caravan-with-cowbell-flavours-in-burkina-faso\/"},"author":{"name":"Mike","@id":"\/#\/schema\/person\/889e9dbeb8ebe966203bfbc785d25877"},"headline":"Youth caravan with Cowbell flavours in Burkina Faso","datePublished":"2023-01-31T12:43:00+00:00","dateModified":"2024-10-21T12:13:12+00:00","mainEntityOfPage":{"@id":"https:\/\/promasidor.com\/en\/blog\/youth-caravan-with-cowbell-flavours-in-burkina-faso\/"},"wordCount":121,"publisher":{"@id":"\/#organization"},"image":{"@id":"https:\/\/promasidor.com\/en\/blog\/youth-caravan-with-cowbell-flavours-in-burkina-faso\/#primaryimage"},"thumbnailUrl":"https:\/\/promasidor.com\/wp-content\/uploads\/2023\/10\/Cowbell_Caravan.jpeg","articleSection":["ALL NEWS"],"inLanguage":"fr-FR"},{"@type":"WebPage","@id":"https:\/\/promasidor.com\/en\/blog\/youth-caravan-with-cowbell-flavours-in-burkina-faso\/","url":"https:\/\/promasidor.com\/en\/blog\/youth-caravan-with-cowbell-flavours-in-burkina-faso\/","name":"Youth caravan with Cowbell flavours in Burkina Faso - Promasidor","isPartOf":{"@id":"\/#website"},"primaryImageOfPage":{"@id":"https:\/\/promasidor.com\/en\/blog\/youth-caravan-with-cowbell-flavours-in-burkina-faso\/#primaryimage"},"image":{"@id":"https:\/\/promasidor.com\/en\/blog\/youth-caravan-with-cowbell-flavours-in-burkina-faso\/#primaryimage"},"thumbnailUrl":"https:\/\/promasidor.com\/wp-content\/uploads\/2023\/10\/Cowbell_Caravan.jpeg","datePublished":"2023-01-31T12:43:00+00:00","dateModified":"2024-10-21T12:13:12+00:00","description":"Sous le th\u00e8me \"la contribution de la jeunesse \u00e0 la restauration de la paix et de la coh\u00e9sion sociale au Burkina Faso\", la caravane de la jeunesse a accueilli sa deuxi\u00e8me \u00e9dition le samedi 27 janvier 2023 au palais des sports de Ouaga 2000.","breadcrumb":{"@id":"https:\/\/promasidor.com\/en\/blog\/youth-caravan-with-cowbell-flavours-in-burkina-faso\/#breadcrumb"},"inLanguage":"fr-FR","potentialAction":[{"@type":"ReadAction","target":["https:\/\/promasidor.com\/en\/blog\/youth-caravan-with-cowbell-flavours-in-burkina-faso\/"]}]},{"@type":"ImageObject","inLanguage":"fr-FR","@id":"https:\/\/promasidor.com\/en\/blog\/youth-caravan-with-cowbell-flavours-in-burkina-faso\/#primaryimage","url":"https:\/\/promasidor.com\/wp-content\/uploads\/2023\/10\/Cowbell_Caravan.jpeg","contentUrl":"https:\/\/promasidor.com\/wp-content\/uploads\/2023\/10\/Cowbell_Caravan.jpeg","width":500,"height":333},{"@type":"BreadcrumbList","@id":"https:\/\/promasidor.com\/en\/blog\/youth-caravan-with-cowbell-flavours-in-burkina-faso\/#breadcrumb","itemListElement":[{"@type":"ListItem","position":1,"name":"Home","item":"https:\/\/promasidor.com\/en\/"},{"@type":"ListItem","position":2,"name":"Youth caravan with Cowbell flavours in Burkina Faso"}]},{"@type":"WebSite","@id":"\/#website","url":"\/","name":"Promasidor","description":"Produits alimentaires de qualit\u00e9","publisher":{"@id":"\/#organization"},"potentialAction":[{"@type":"SearchAction","target":{"@type":"EntryPoint","urlTemplate":"\/?s={search_term_string}"},"query-input":{"@type":"PropertyValueSpecification","valueRequired":true,"valueName":"search_term_string"}}],"inLanguage":"fr-FR"},{"@type":"Organization","@id":"\/#organization","name":"Promasidor","url":"\/","logo":{"@type":"ImageObject","inLanguage":"fr-FR","@id":"\/#\/schema\/logo\/image\/","url":"https:\/\/promasidor.com\/wp-content\/uploads\/2024\/06\/logo-e1718004825105.png","contentUrl":"https:\/\/promasidor.com\/wp-content\/uploads\/2024\/06\/logo-e1718004825105.png","width":1313,"height":778,"caption":"Promasidor"},"image":{"@id":"\/#\/schema\/logo\/image\/"}},{"@type":"Person","@id":"\/#\/schema\/person\/889e9dbeb8ebe966203bfbc785d25877","name":"Mike","image":{"@type":"ImageObject","inLanguage":"fr-FR","@id":"https:\/\/secure.gravatar.com\/avatar\/df3140ba3aceebd253774f0da53b3e4e41cee1f95a32092000933ef847edb04a?s=96&d=mm&r=g","url":"https:\/\/secure.gravatar.com\/avatar\/df3140ba3aceebd253774f0da53b3e4e41cee1f95a32092000933ef847edb04a?s=96&d=mm&r=g","contentUrl":"https:\/\/secure.gravatar.com\/avatar\/df3140ba3aceebd253774f0da53b3e4e41cee1f95a32092000933ef847edb04a?s=96&d=mm&r=g","caption":"Mike"},"url":"https:\/\/promasidor.com\/fr\/blog\/author\/mike\/"}]}},"jetpack_featured_media_url":"https:\/\/promasidor.com\/wp-content\/uploads\/2023\/10\/Cowbell_Caravan.jpeg","_links":{"self":[{"href":"https:\/\/promasidor.com\/fr\/wp-json\/wp\/v2\/posts\/3171","targetHints":{"allow":["GET"]}}],"collection":[{"href":"https:\/\/promasidor.com\/fr\/wp-json\/wp\/v2\/posts"}],"about":[{"href":"https:\/\/promasidor.com\/fr\/wp-json\/wp\/v2\/types\/post"}],"author":[{"embeddable":true,"href":"https:\/\/promasidor.com\/fr\/wp-json\/wp\/v2\/users\/4"}],"replies":[{"embeddable":true,"href":"https:\/\/promasidor.com\/fr\/wp-json\/wp\/v2\/comments?post=3171"}],"version-history":[{"count":0,"href":"https:\/\/promasidor.com\/fr\/wp-json\/wp\/v2\/posts\/3171\/revisions"}],"wp:featuredmedia":[{"embeddable":true,"href":"https:\/\/promasidor.com\/fr\/wp-json\/wp\/v2\/media\/3234"}],"wp:attachment":[{"href":"https:\/\/promasidor.com\/fr\/wp-json\/wp\/v2\/media?parent=3171"}],"wp:term":[{"taxonomy":"category","embeddable":true,"href":"https:\/\/promasidor.com\/fr\/wp-json\/wp\/v2\/categories?post=3171"},{"taxonomy":"post_tag","embeddable":true,"href":"https:\/\/promasidor.com\/fr\/wp-json\/wp\/v2\/tags?post=3171"}],"curies":[{"name":"wp","href":"https:\/\/api.w.org\/{rel}","templated":true}]}}